{"pagina_total":113,"pagina_atual":1,"pagina_anterior":null,"pagina_proxima":2,"registro_total":1126,"registro_atual":10,"registros":[{"Nome":"ANDREA CHAGAS DE MENEZES OLIVEIRA","Unidade":"CENTRAL DE PRODU\u00c7\u00c3O DE ALIMENTOS SESC"},{"Nome":"ANTONIA CLAUDENE VIEIRA SILVA","Unidade":"CENTRAL DE PRODU\u00c7\u00c3O DE ALIMENTOS SESC"},{"Nome":"BRUNO APARECIDO DE SOUZA GERALDES","Unidade":"CENTRAL DE PRODU\u00c7\u00c3O DE ALIMENTOS SESC"},{"Nome":"CECILIA CRISTIANE SILVA DE QUEIROZ","Unidade":"CENTRAL DE PRODU\u00c7\u00c3O DE ALIMENTOS SESC"},{"Nome":"DOUGLAS FELIPE DE HUNGRIA LIMA","Unidade":"CENTRAL DE PRODU\u00c7\u00c3O DE ALIMENTOS SESC"},{"Nome":"FERNANDO HENRIQUE DA COSTA MELO","Unidade":"CENTRAL DE PRODU\u00c7\u00c3O DE ALIMENTOS SESC"},{"Nome":"FERNANDO VIEIRA DE MORAES","Unidade":"CENTRAL DE PRODU\u00c7\u00c3O DE ALIMENTOS SESC"},{"Nome":"GUSTAVO CRETUCHI ANDOLPHO ARRUDA","Unidade":"CENTRAL DE PRODU\u00c7\u00c3O DE ALIMENTOS SESC"},{"Nome":"ILZA MARY MOREIRA","Unidade":"CENTRAL DE PRODU\u00c7\u00c3O DE ALIMENTOS SESC"},{"Nome":"IVONE BITENCOURT REINALDO DOS SANTOS","Unidade":"CENTRAL DE PRODU\u00c7\u00c3O DE ALIMENTOS SESC"}],"mensagens":{"page_size":"O par\u00e2metro page_size deve estar entre 1 e 1000"}}